{"id":97,"date":"2012-04-27T16:49:18","date_gmt":"2012-04-27T16:49:18","guid":{"rendered":"http:\/\/www.grebsal.at\/indexNeu.php\/?p=97"},"modified":"2012-05-10T17:03:19","modified_gmt":"2012-05-10T17:03:19","slug":"neueroffnung","status":"publish","type":"post","link":"http:\/\/www.grebsal.at\/cafe\/?p=97","title":{"rendered":"Neuer\u00f6ffnung"},"content":{"rendered":"<p>Endlich war es soweit!<\/p>\n<p>Unser Lokal hat am 27.04.2012 er\u00f6ffnet! Es war ein tolles Fest!<\/p>\n<p>Wir m\u00f6chten uns bei allen Besuchern nochmals recht herzlich bedanken. Wir haben uns sehr \u00fcber euren Besuch gefreut und hoffen, dass wir uns bald wiedersehen.<\/p>\n<figure id=\"attachment_106\" aria-describedby=\"caption-attachment-106\" style=\"width: 198px\" class=\"wp-caption aligncenter\"><a href=\"http:\/\/www.grebsal.at\/wp-content\/uploads\/2012\/04\/er\u00f6ffnung2.jpg\"><img loading=\"lazy\" decoding=\"async\" class=\"size-medium wp-image-106 \" title=\"Er\u00f6ffnung\" src=\"http:\/\/www.grebsal.at\/wp-content\/uploads\/2012\/04\/er\u00f6ffnung2-198x300.jpg\" alt=\"Er\u00f6ffnung\" width=\"198\" height=\"300\" srcset=\"http:\/\/www.grebsal.at\/cafe\/wp-content\/uploads\/2012\/04\/er\u00f6ffnung2-198x300.jpg 198w, http:\/\/www.grebsal.at\/cafe\/wp-content\/uploads\/2012\/04\/er\u00f6ffnung2.jpg 653w\" sizes=\"(max-width: 198px) 100vw, 198px\" \/><\/a><figcaption id=\"caption-attachment-106\" class=\"wp-caption-text\">BGM Brandst\u00e4tter \u00fcbergibt die Hauschronik<\/figcaption><\/figure>\n<p>Weitere Bilder und einen Bericht dazu gibt es <a title=\"Bericht\" href=\"http:\/\/lasberg.riskommunal.net\/system\/web\/news.aspx?bezirkonr=0&amp;detailonr=222961604&amp;menuonr=218586380\" target=\"_blank\">hier<\/a>.<\/p>\n","protected":false},"excerpt":{"rendered":"<p>Endlich war es soweit! Unser Lokal hat am 27.04.2012 er\u00f6ffnet! Es war ein tolles Fest! Wir m\u00f6chten uns bei allen Besuchern nochmals recht herzlich bedanken. Wir haben uns sehr \u00fcber euren Besuch gefreut und hoffen, dass wir uns bald wiedersehen. Weitere Bilder und einen Bericht dazu gibt es hier.<\/p>\n","protected":false},"author":1,"featured_media":0,"comment_status":"closed","ping_status":"closed","sticky":false,"template":"","format":"standard","meta":{"ngg_post_thumbnail":0,"footnotes":""},"categories":[1],"tags":[],"_links":{"self":[{"href":"http:\/\/www.grebsal.at\/cafe\/index.php?rest_route=\/wp\/v2\/posts\/97"}],"collection":[{"href":"http:\/\/www.grebsal.at\/cafe\/index.php?rest_route=\/wp\/v2\/posts"}],"about":[{"href":"http:\/\/www.grebsal.at\/cafe\/index.php?rest_route=\/wp\/v2\/types\/post"}],"author":[{"embeddable":true,"href":"http:\/\/www.grebsal.at\/cafe\/index.php?rest_route=\/wp\/v2\/users\/1"}],"replies":[{"embeddable":true,"href":"http:\/\/www.grebsal.at\/cafe\/index.php?rest_route=%2Fwp%2Fv2%2Fcomments&post=97"}],"version-history":[{"count":5,"href":"http:\/\/www.grebsal.at\/cafe\/index.php?rest_route=\/wp\/v2\/posts\/97\/revisions"}],"predecessor-version":[{"id":103,"href":"http:\/\/www.grebsal.at\/cafe\/index.php?rest_route=\/wp\/v2\/posts\/97\/revisions\/103"}],"wp:attachment":[{"href":"http:\/\/www.grebsal.at\/cafe\/index.php?rest_route=%2Fwp%2Fv2%2Fmedia&parent=97"}],"wp:term":[{"taxonomy":"category","embeddable":true,"href":"http:\/\/www.grebsal.at\/cafe\/index.php?rest_route=%2Fwp%2Fv2%2Fcategories&post=97"},{"taxonomy":"post_tag","embeddable":true,"href":"http:\/\/www.grebsal.at\/cafe\/index.php?rest_route=%2Fwp%2Fv2%2Ftags&post=97"}],"curies":[{"name":"wp","href":"https:\/\/api.w.org\/{rel}","templated":true}]}}