{"id":440,"date":"2018-05-08T16:59:22","date_gmt":"2018-05-08T16:59:22","guid":{"rendered":"http:\/\/www.grebsal.at\/cafe\/?p=440"},"modified":"2018-05-08T16:59:23","modified_gmt":"2018-05-08T16:59:23","slug":"440","status":"publish","type":"post","link":"http:\/\/www.grebsal.at\/cafe\/?p=440","title":{"rendered":""},"content":{"rendered":"<p style=\"text-align: center;\"><a href=\"http:\/\/www.grebsal.at\/cafe\/wp-content\/uploads\/2017\/09\/Logo-Grebsal.png\"><img loading=\"lazy\" decoding=\"async\" class=\"aligncenter size-medium wp-image-372\" src=\"http:\/\/www.grebsal.at\/cafe\/wp-content\/uploads\/2017\/09\/Logo-Grebsal-300x148.png\" alt=\"\" width=\"300\" height=\"148\" srcset=\"http:\/\/www.grebsal.at\/cafe\/wp-content\/uploads\/2017\/09\/Logo-Grebsal-300x148.png 300w, http:\/\/www.grebsal.at\/cafe\/wp-content\/uploads\/2017\/09\/Logo-Grebsal.png 593w\" sizes=\"(max-width: 300px) 100vw, 300px\" \/><\/a><\/p>\n<p style=\"text-align: center;\"><em>Wir haben in den Sommermonaten von Mai bis September 2018<\/em><\/p>\n<p style=\"text-align: center;\"><em>ge\u00e4nderte \u00d6ffnungszeiten.<\/em><\/p>\n<p style=\"text-align: center;\"><em>T\u00e4glich Fr\u00fchst\u00fcck im Freibad&nbsp;Lasberg ab<\/em> <em>0900 Uhr<\/em><\/p>\n<p style=\"text-align: center;\"><em><strong>Barbetrieb<\/strong><\/em><\/p>\n<p style=\"text-align: center;\"><em>Mi u. Do 1700 &#8211; 2400 Uhr<\/em><\/p>\n<p style=\"text-align: center;\"><em>Fr 1900 &#8211; 0400 Uhr<\/em><\/p>\n<p style=\"text-align: center;\"><em>Jeden Samstag w\u00e4hrend den Sommermonaten geschlossen.<\/em><\/p>\n<p style=\"text-align: center;\"><em>Danke f\u00fcr Ihr Verst\u00e4ndnis<\/em><\/p>\n<p style=\"text-align: center;\"><em>Sabine &amp; Hannes<\/em><\/p>\n","protected":false},"excerpt":{"rendered":"<p>Wir haben in den Sommermonaten von Mai bis September 2018 ge\u00e4nderte \u00d6ffnungszeiten. T\u00e4glich Fr\u00fchst\u00fcck im Freibad&nbsp;Lasberg ab 0900 Uhr Barbetrieb Mi u. Do 1700 &#8211; 2400 Uhr Fr 1900 &#8211; 0400 Uhr Jeden Samstag w\u00e4hrend den Sommermonaten geschlossen. Danke f\u00fcr Ihr Verst\u00e4ndnis Sabine &amp; Hannes<\/p>\n","protected":false},"author":1,"featured_media":0,"comment_status":"closed","ping_status":"closed","sticky":false,"template":"","format":"standard","meta":{"ngg_post_thumbnail":0,"footnotes":""},"categories":[1],"tags":[],"_links":{"self":[{"href":"http:\/\/www.grebsal.at\/cafe\/index.php?rest_route=\/wp\/v2\/posts\/440"}],"collection":[{"href":"http:\/\/www.grebsal.at\/cafe\/index.php?rest_route=\/wp\/v2\/posts"}],"about":[{"href":"http:\/\/www.grebsal.at\/cafe\/index.php?rest_route=\/wp\/v2\/types\/post"}],"author":[{"embeddable":true,"href":"http:\/\/www.grebsal.at\/cafe\/index.php?rest_route=\/wp\/v2\/users\/1"}],"replies":[{"embeddable":true,"href":"http:\/\/www.grebsal.at\/cafe\/index.php?rest_route=%2Fwp%2Fv2%2Fcomments&post=440"}],"version-history":[{"count":5,"href":"http:\/\/www.grebsal.at\/cafe\/index.php?rest_route=\/wp\/v2\/posts\/440\/revisions"}],"predecessor-version":[{"id":445,"href":"http:\/\/www.grebsal.at\/cafe\/index.php?rest_route=\/wp\/v2\/posts\/440\/revisions\/445"}],"wp:attachment":[{"href":"http:\/\/www.grebsal.at\/cafe\/index.php?rest_route=%2Fwp%2Fv2%2Fmedia&parent=440"}],"wp:term":[{"taxonomy":"category","embeddable":true,"href":"http:\/\/www.grebsal.at\/cafe\/index.php?rest_route=%2Fwp%2Fv2%2Fcategories&post=440"},{"taxonomy":"post_tag","embeddable":true,"href":"http:\/\/www.grebsal.at\/cafe\/index.php?rest_route=%2Fwp%2Fv2%2Ftags&post=440"}],"curies":[{"name":"wp","href":"https:\/\/api.w.org\/{rel}","templated":true}]}}