{"id":418,"date":"2018-01-17T09:47:06","date_gmt":"2018-01-17T09:47:06","guid":{"rendered":"http:\/\/www.grebsal.at\/cafe\/?p=418"},"modified":"2018-01-17T09:48:20","modified_gmt":"2018-01-17T09:48:20","slug":"cafe-am-vormittag","status":"publish","type":"post","link":"http:\/\/www.grebsal.at\/cafe\/?p=418","title":{"rendered":"Cafe am Vormittag"},"content":{"rendered":"<p>Hallo Freunde, Liebe G\u00e4ste!<\/p>\n<p><strong>Ab 1. Februar haben wir neue \u00d6ffnungszeiten!<\/strong><\/p>\n<p>Beginn deinen Tag mit einer gro\u00dfen Auswahl an Fr\u00fchst\u00fccksvariationen in unserem Lokal.<\/p>\n<p>Das Team vom GREBSAL freut sich auf dein Kommen und hei\u00dft Dich HERZLICH WILLKOMMEN.<\/p>\n<p><a href=\"http:\/\/www.grebsal.at\/cafe\/wp-content\/uploads\/2018\/01\/Flyer-Gr\u00fcn-A4.png\"><img loading=\"lazy\" decoding=\"async\" class=\"aligncenter size-medium wp-image-420\" src=\"http:\/\/www.grebsal.at\/cafe\/wp-content\/uploads\/2018\/01\/Flyer-Gr\u00fcn-A4-220x300.png\" alt=\"\" width=\"220\" height=\"300\" srcset=\"http:\/\/www.grebsal.at\/cafe\/wp-content\/uploads\/2018\/01\/Flyer-Gr\u00fcn-A4-220x300.png 220w, http:\/\/www.grebsal.at\/cafe\/wp-content\/uploads\/2018\/01\/Flyer-Gr\u00fcn-A4.png 670w\" sizes=\"(max-width: 220px) 100vw, 220px\" \/><\/a><\/p>\n","protected":false},"excerpt":{"rendered":"<p>Hallo Freunde, Liebe G\u00e4ste! Ab 1. Februar haben wir neue \u00d6ffnungszeiten! Beginn deinen Tag mit einer gro\u00dfen Auswahl an Fr\u00fchst\u00fccksvariationen in unserem Lokal. Das Team vom GREBSAL freut sich auf dein Kommen und hei\u00dft Dich HERZLICH WILLKOMMEN.<\/p>\n","protected":false},"author":1,"featured_media":0,"comment_status":"closed","ping_status":"closed","sticky":false,"template":"","format":"standard","meta":{"ngg_post_thumbnail":0,"footnotes":""},"categories":[1],"tags":[],"_links":{"self":[{"href":"http:\/\/www.grebsal.at\/cafe\/index.php?rest_route=\/wp\/v2\/posts\/418"}],"collection":[{"href":"http:\/\/www.grebsal.at\/cafe\/index.php?rest_route=\/wp\/v2\/posts"}],"about":[{"href":"http:\/\/www.grebsal.at\/cafe\/index.php?rest_route=\/wp\/v2\/types\/post"}],"author":[{"embeddable":true,"href":"http:\/\/www.grebsal.at\/cafe\/index.php?rest_route=\/wp\/v2\/users\/1"}],"replies":[{"embeddable":true,"href":"http:\/\/www.grebsal.at\/cafe\/index.php?rest_route=%2Fwp%2Fv2%2Fcomments&post=418"}],"version-history":[{"count":4,"href":"http:\/\/www.grebsal.at\/cafe\/index.php?rest_route=\/wp\/v2\/posts\/418\/revisions"}],"predecessor-version":[{"id":436,"href":"http:\/\/www.grebsal.at\/cafe\/index.php?rest_route=\/wp\/v2\/posts\/418\/revisions\/436"}],"wp:attachment":[{"href":"http:\/\/www.grebsal.at\/cafe\/index.php?rest_route=%2Fwp%2Fv2%2Fmedia&parent=418"}],"wp:term":[{"taxonomy":"category","embeddable":true,"href":"http:\/\/www.grebsal.at\/cafe\/index.php?rest_route=%2Fwp%2Fv2%2Fcategories&post=418"},{"taxonomy":"post_tag","embeddable":true,"href":"http:\/\/www.grebsal.at\/cafe\/index.php?rest_route=%2Fwp%2Fv2%2Ftags&post=418"}],"curies":[{"name":"wp","href":"https:\/\/api.w.org\/{rel}","templated":true}]}}