{"id":220,"date":"2013-05-03T16:40:04","date_gmt":"2013-05-03T16:40:04","guid":{"rendered":"http:\/\/www.grebsal.at\/?p=220"},"modified":"2013-05-03T16:40:04","modified_gmt":"2013-05-03T16:40:04","slug":"sommeroffnungszeiten","status":"publish","type":"post","link":"http:\/\/www.grebsal.at\/cafe\/?p=220","title":{"rendered":"Sommer\u00f6ffnungszeiten"},"content":{"rendered":"<p style=\"text-align: center;\">Wir haben in den Sommermonaten von 20. Mai bis 15. September 2013<\/p>\n<p style=\"text-align: center;\">ge\u00e4nderte \u00d6ffnungszeiten.<\/p>\n<p style=\"text-align: center;\">\n<p style=\"text-align: center;\"><em>Mi u. Do 1700 &#8211; 2400 Uhr<\/em><\/p>\n<p style=\"text-align: center;\"><em>Fr u. Sa 1900 &#8211; 0400 Uhr<\/em><\/p>\n<p style=\"text-align: center;\">\n<p style=\"text-align: center;\">Danke f\u00fcr Ihr Verst\u00e4ndnis<\/p>\n<p style=\"text-align: center;\">Sabine &amp; Hannes<\/p>\n","protected":false},"excerpt":{"rendered":"<p>Wir haben in den Sommermonaten von 20. Mai bis 15. September 2013 ge\u00e4nderte \u00d6ffnungszeiten. Mi u. Do 1700 &#8211; 2400 Uhr Fr u. Sa 1900 &#8211; 0400 Uhr Danke f\u00fcr Ihr Verst\u00e4ndnis Sabine &amp; Hannes<\/p>\n","protected":false},"author":1,"featured_media":0,"comment_status":"closed","ping_status":"closed","sticky":false,"template":"","format":"standard","meta":{"ngg_post_thumbnail":0,"footnotes":""},"categories":[1],"tags":[],"_links":{"self":[{"href":"http:\/\/www.grebsal.at\/cafe\/index.php?rest_route=\/wp\/v2\/posts\/220"}],"collection":[{"href":"http:\/\/www.grebsal.at\/cafe\/index.php?rest_route=\/wp\/v2\/posts"}],"about":[{"href":"http:\/\/www.grebsal.at\/cafe\/index.php?rest_route=\/wp\/v2\/types\/post"}],"author":[{"embeddable":true,"href":"http:\/\/www.grebsal.at\/cafe\/index.php?rest_route=\/wp\/v2\/users\/1"}],"replies":[{"embeddable":true,"href":"http:\/\/www.grebsal.at\/cafe\/index.php?rest_route=%2Fwp%2Fv2%2Fcomments&post=220"}],"version-history":[{"count":4,"href":"http:\/\/www.grebsal.at\/cafe\/index.php?rest_route=\/wp\/v2\/posts\/220\/revisions"}],"predecessor-version":[{"id":224,"href":"http:\/\/www.grebsal.at\/cafe\/index.php?rest_route=\/wp\/v2\/posts\/220\/revisions\/224"}],"wp:attachment":[{"href":"http:\/\/www.grebsal.at\/cafe\/index.php?rest_route=%2Fwp%2Fv2%2Fmedia&parent=220"}],"wp:term":[{"taxonomy":"category","embeddable":true,"href":"http:\/\/www.grebsal.at\/cafe\/index.php?rest_route=%2Fwp%2Fv2%2Fcategories&post=220"},{"taxonomy":"post_tag","embeddable":true,"href":"http:\/\/www.grebsal.at\/cafe\/index.php?rest_route=%2Fwp%2Fv2%2Ftags&post=220"}],"curies":[{"name":"wp","href":"https:\/\/api.w.org\/{rel}","templated":true}]}}